{"id":2834,"date":"2026-09-01T07:02:44","date_gmt":"2026-09-01T07:02:44","guid":{"rendered":"https:\/\/cc-ba.com\/index.php\/nouveautes-chomage-arrets-factures\/"},"modified":"2026-09-01T07:02:44","modified_gmt":"2026-09-01T07:02:44","slug":"nouveautes-chomage-arrets-factures","status":"publish","type":"post","link":"https:\/\/cc-ba.com\/index.php\/nouveautes-chomage-arrets-factures\/","title":{"rendered":"Nouveaut\u00e9s d\u00e8s le 1er septembre 2026 : ce que vous devez savoir sur le ch\u00f4mage, les arr\u00eats maladie et vos factures"},"content":{"rendered":"<p class=\"wp-block-paragraph\">\u00c0 l&rsquo;approche du 1er septembre 2026, plusieurs <strong>nouveaut\u00e9s<\/strong> s&rsquo;annoncent, touchant divers aspects du quotidien des Fran\u00e7ais, notamment en mati\u00e8re de <strong>ch\u00f4mage<\/strong>, d&rsquo; <strong>arr\u00eats maladie<\/strong> et de <strong>factures<\/strong>. Ces changements s&rsquo;inscrivent dans une dynamique de r\u00e9formes visant \u00e0 adapter les droits sociaux \u00e0 la r\u00e9alit\u00e9 actuelle.<\/p>\n\n<h2 class=\"wp-block-heading\">Modifications concernant le ch\u00f4mage<\/h2>\n\n<p class=\"wp-block-paragraph\">Le paysage du ch\u00f4mage \u00e9volue avec des <strong>modifications l\u00e9gales<\/strong> importantes. \u00c0 partir de cette date, les allocations ch\u00f4mage en cas de rupture conventionnelle seront d\u00e9sormais r\u00e9duites. Les b\u00e9n\u00e9ficiaires de moins de 55 ans verront leurs indemnit\u00e9s diminuer de trois mois, tandis que pour ceux de plus de 55 ans, la dur\u00e9e sera \u00e9galement raccourcie, passant \u00e0 20,5 mois. Ce plafonnement fait partie d&rsquo;une strat\u00e9gie plus large pour optimiser les d\u00e9penses d\u2019assurances sociales.<\/p>\n\n<p class=\"wp-block-paragraph\">Ces ajustements visent \u00e0 encourager un retour plus rapide \u00e0 l&#8217;emploi tout en tenant compte des r\u00e9alit\u00e9s de chaque tranche d&rsquo;\u00e2ge. <a href=\"https:\/\/cc-ba.com\/index.php\/reduction-allocations-chomage\/\">Cette \u00e9volution<\/a> pourrait avoir des r\u00e9percussions significatives sur les parcours professionnels futurs des demandeurs d\u2019emploi.<\/p>\n\n<h3 class=\"wp-block-heading\">Arr\u00eats maladie : un nouveau plafond<\/h3>\n\n<p class=\"wp-block-paragraph\">Les <strong>arr\u00eats maladie<\/strong> connaissent \u00e9galement un changement majeur. Selon la nouvelle l\u00e9gislation, la dur\u00e9e d&rsquo;un arr\u00eat initial est d\u00e9sormais limit\u00e9e \u00e0 31 jours. En cas de prolongation, celle-ci ne pourra exc\u00e9der 62 jours. Cette mesure r\u00e9pond \u00e0 l\u2019augmentation des arr\u00eats de travail observ\u00e9e ces derni\u00e8res ann\u00e9es, qui a atteint 10 % de 2019 \u00e0 2024.<\/p>\n\n<p class=\"wp-block-paragraph\">Il est important de noter que les professionnels de sant\u00e9 conservent la possibilit\u00e9 de prolonger ces arr\u00eats en fonction de l&rsquo;\u00e9tat de sant\u00e9 des salari\u00e9s. Cette r\u00e9forme se concentre sur la <strong>pr\u00e9vention sant\u00e9<\/strong> et vise \u00e0 am\u00e9liorer la gestion des arr\u00eats de travail en France.<\/p>\n\n<figure class=\"is-provider-youtube is-type-video wp-block-embed wp-block-embed-youtube wp-embed-aspect-16-9 wp-has-aspect-ratio\"><div class=\"wp-block-embed__wrapper\">\n<iframe loading=\"lazy\" title=\"Ep 1 : La r\u00e9forme, sans retour en arri\u00e8re \u01c0 1er septembre 2026 : la s\u00e9rie documentaire Kolecto\" width=\"1290\" height=\"726\" src=\"https:\/\/www.youtube.com\/embed\/UY_NBtxyAXs?feature=oembed\" frameborder=\"0\" allow=\"accelerometer; autoplay; clipboard-write; encrypted-media; gyroscope; picture-in-picture; web-share\" referrerpolicy=\"strict-origin-when-cross-origin\" allowfullscreen><\/iframe>\n<\/div><\/figure>\n\n<h2 class=\"wp-block-heading\">Factures : vers la d\u00e9mat\u00e9rialisation obligatoire<\/h2>\n\n<p class=\"wp-block-paragraph\">Une autre novation significative est l\u2019obligation d&rsquo;adopter les <strong>factures<\/strong> \u00e9lectroniques. \u00c0 compter de septembre 2026, toutes les entreprises devront d\u00e9sormais g\u00e9rer leurs factures via des plateformes \u00e9lectroniques agr\u00e9\u00e9es. Cette initiative d\u00e9coule d&rsquo;une volont\u00e9 de simplification administrative, d&rsquo;une lutte plus efficace contre la fraude \u00e0 la TVA et d\u2019une am\u00e9lioration de l&rsquo;efficacit\u00e9 fiscale.<\/p>\n\n<p class=\"wp-block-paragraph\">Les petites et grandes entreprises doivent anticiper cette transition, qui deviendra g\u00e9n\u00e9ralis\u00e9e d&rsquo;ici septembre 2027. Avec l&rsquo;essor des technologies num\u00e9riques, cette r\u00e9forme s&rsquo;inscrit dans un mouvement vers une gestion plus moderne et transparente des transactions commerciales.<\/p>\n\n<h3 class=\"wp-block-heading\">Am\u00e9liorations des droits li\u00e9s aux pensions de retraite<\/h3>\n\n<p class=\"wp-block-paragraph\">En parall\u00e8le, deux mesures significatives toucheront les <strong>pensions de retraite<\/strong>, facilitant le d\u00e9part anticip\u00e9. Jusqu&rsquo;\u00e0 deux trimestres, associ\u00e9s \u00e0 la naissance, l&rsquo;\u00e9ducation ou l&rsquo;adoption d&rsquo;un enfant, pourront dor\u00e9navant \u00eatre pris en compte pour les carri\u00e8res longues, permettant ainsi \u00e0 de nombreuses femmes de b\u00e9n\u00e9ficier d&rsquo;une retraite anticip\u00e9e.<\/p>\n\n<p class=\"wp-block-paragraph\">De plus, le mode de calcul de la pension \u00e9volue : d\u00e9sormais, le salaire de r\u00e9f\u00e9rence sera bas\u00e9 sur les 24 meilleures ann\u00e9es pour les parents d&rsquo;un enfant et sur 23 ann\u00e9es pour ceux en ayant deux. Ces changements visent \u00e0 revaloriser la pension des parents, am\u00e9liorant ainsi leurs droits sociaux.<\/p>\n\n<figure class=\"wp-block-table\"><table>\n<thead>\n<tr>\n<th>Changement<\/th>\n<th>Avant<\/th>\n<th>Apr\u00e8s<\/th>\n<\/tr>\n<\/thead>\n<tbody>\n<tr>\n<td>Dur\u00e9e de l\u2019allocation ch\u00f4mage (moins de 55 ans)<\/td>\n<td>18 mois<\/td>\n<td>15 mois<\/td>\n<\/tr>\n<tr>\n<td>Dur\u00e9e de l\u2019allocation ch\u00f4mage (plus de 55 ans)<\/td>\n<td>23 mois<\/td>\n<td>20,5 mois<\/td>\n<\/tr>\n<tr>\n<td>Dur\u00e9e maximale d&rsquo;un arr\u00eat de travail<\/td>\n<td>Illimit\u00e9e<\/td>\n<td>31 jours<\/td>\n<\/tr>\n<\/tbody>\n<\/table><\/figure>\n\n<figure class=\"is-provider-youtube is-type-video wp-block-embed wp-block-embed-youtube wp-embed-aspect-16-9 wp-has-aspect-ratio\"><div class=\"wp-block-embed__wrapper\">\n<iframe loading=\"lazy\" title=\"Arr\u00eat de travail maladie 2026 : indemnit\u00e9s journali\u00e8res (50% du salaire, carence 3 jours, montant)\" width=\"1290\" height=\"726\" src=\"https:\/\/www.youtube.com\/embed\/XuLkL7EVeJQ?feature=oembed\" frameborder=\"0\" allow=\"accelerometer; autoplay; clipboard-write; encrypted-media; gyroscope; picture-in-picture; web-share\" referrerpolicy=\"strict-origin-when-cross-origin\" allowfullscreen><\/iframe>\n<\/div><\/figure>\n\n<p class=\"wp-block-paragraph\">Ces \u00e9volutions repr\u00e9sentent des \u00e9tapes cl\u00e9s dans le r\u00e9flexe d&rsquo;adaptation du syst\u00e8me social face aux r\u00e9alit\u00e9s d&rsquo;aujourd&rsquo;hui. Les Fran\u00e7ais doivent rester inform\u00e9s pour tirer le meilleur parti de leurs <strong>droit sociaux<\/strong> dans ce nouveau cadre.<\/p>\n\n","protected":false},"excerpt":{"rendered":"<p>\u00c0 l&rsquo;approche du 1er septembre 2026, plusieurs nouveaut\u00e9s s&rsquo;annoncent, touchant divers aspects du quotidien des Fran\u00e7ais, notamment en mati\u00e8re de ch\u00f4mage, d&rsquo; arr\u00eats maladie et de factures. Ces changements s&rsquo;inscrivent dans une dynamique de r\u00e9formes visant \u00e0 adapter les droits sociaux \u00e0 la r\u00e9alit\u00e9 actuelle. Modifications concernant le ch\u00f4mage Le paysage du ch\u00f4mage \u00e9volue avec [&hellip;]<\/p>\n","protected":false},"author":2,"featured_media":0,"comment_status":"open","ping_status":"open","sticky":false,"template":"","format":"standard","meta":{"_seopress_robots_primary_cat":"","_seopress_titles_title":"Ch\u00f4mage, arr\u00eats maladie et factures : nouveaut\u00e9s au 1er septembre 2026","_seopress_titles_desc":"D\u00e9couvrez les nouveaut\u00e9s d\u00e8s le 1er septembre 2026 sur le ch\u00f4mage, les arr\u00eats maladie et vos factures. Infos essentielles \u00e0 ne pas manquer.","_seopress_robots_index":"","footnotes":""},"categories":[1],"tags":[1622,1621,1623,1620,1624],"class_list":["post-2834","post","type-post","status-publish","format-standard","hentry","category-blog","tag-arrets-maladie","tag-chomage-2026","tag-factures-2026","tag-nouveautes-septembre-2026","tag-reformes-sociales"],"blocksy_meta":[],"_links":{"self":[{"href":"https:\/\/cc-ba.com\/index.php\/wp-json\/wp\/v2\/posts\/2834","targetHints":{"allow":["GET"]}}],"collection":[{"href":"https:\/\/cc-ba.com\/index.php\/wp-json\/wp\/v2\/posts"}],"about":[{"href":"https:\/\/cc-ba.com\/index.php\/wp-json\/wp\/v2\/types\/post"}],"author":[{"embeddable":true,"href":"https:\/\/cc-ba.com\/index.php\/wp-json\/wp\/v2\/users\/2"}],"replies":[{"embeddable":true,"href":"https:\/\/cc-ba.com\/index.php\/wp-json\/wp\/v2\/comments?post=2834"}],"version-history":[{"count":0,"href":"https:\/\/cc-ba.com\/index.php\/wp-json\/wp\/v2\/posts\/2834\/revisions"}],"wp:attachment":[{"href":"https:\/\/cc-ba.com\/index.php\/wp-json\/wp\/v2\/media?parent=2834"}],"wp:term":[{"taxonomy":"category","embeddable":true,"href":"https:\/\/cc-ba.com\/index.php\/wp-json\/wp\/v2\/categories?post=2834"},{"taxonomy":"post_tag","embeddable":true,"href":"https:\/\/cc-ba.com\/index.php\/wp-json\/wp\/v2\/tags?post=2834"}],"curies":[{"name":"wp","href":"https:\/\/api.w.org\/{rel}","templated":true}]}}