{"id":2833,"date":"2026-08-31T12:03:40","date_gmt":"2026-08-31T12:03:40","guid":{"rendered":"https:\/\/cc-ba.com\/index.php\/axa-ex-ministre-rh\/"},"modified":"2026-08-31T12:03:40","modified_gmt":"2026-08-31T12:03:40","slug":"axa-ex-ministre-rh","status":"publish","type":"post","link":"https:\/\/cc-ba.com\/index.php\/axa-ex-ministre-rh\/","title":{"rendered":"Une ex-ministre nomm\u00e9e \u00e0 la t\u00eate des ressources humaines d&rsquo;AXA : un nouveau visage pour une strat\u00e9gie RH renouvel\u00e9e"},"content":{"rendered":"<p class=\"wp-block-paragraph\">La nomination r\u00e9cente d&rsquo;une <strong>ex-ministre<\/strong> \u00e0 la t\u00eate des <strong>ressources humaines<\/strong> d&rsquo;AXA marque un tournant significatif dans la gestion du personnel et la strat\u00e9gie RH de l&rsquo;entreprise. Astrid Panosyan-Bouvet, ancienne ministre du Travail, vient insuffler un nouveau dynamisme au sein du groupe, avec des projets d&rsquo;<strong>innovation RH<\/strong> et des transformations ambitieuses.<\/p>\n\n<h2 class=\"wp-block-heading\">Le parcours d&rsquo;Astrid Panosyan-Bouvet<\/h2>\n\n<p class=\"wp-block-paragraph\">Astrid Panosyan-Bouvet a su se forger une r\u00e9putation solide au fil de ses ann\u00e9es dans le service public, notamment en tant que conseill\u00e8re au minist\u00e8re de l&rsquo;\u00c9conomie. Son exp\u00e9rience lui conf\u00e8re une compr\u00e9hension approfondie des enjeux li\u00e9s \u00e0 l&#8217;emploi et \u00e0 la gestion du personnel. Cette <strong>nomination<\/strong>, annonc\u00e9e pour le 1er septembre, t\u00e9moigne de la volont\u00e9 d&rsquo;AXA d&rsquo;allier expertise politique et leadership dans le secteur priv\u00e9.<\/p>\n\n<h3 class=\"wp-block-heading\">Une vision renouvel\u00e9e pour AXA<\/h3>\n\n<p class=\"wp-block-paragraph\">Sous sa direction, AXA pr\u00e9voit de repenser sa <strong>strat\u00e9gie RH<\/strong> pour aligner l&rsquo;engagement des employ\u00e9s avec les objectifs globaux de l&rsquo;entreprise. Cette approche vise non seulement \u00e0 am\u00e9liorer la satisfaction au travail, mais aussi \u00e0 renforcer la performance collective. Le d\u00e9fi sera d&rsquo;int\u00e9grer des m\u00e9thodes modernes d&rsquo;<strong>innovation RH<\/strong> tout en cultivant un environnement de travail inclusif et collaboratif.<\/p>\n\n<figure class=\"is-provider-youtube is-type-video wp-block-embed wp-block-embed-youtube wp-embed-aspect-16-9 wp-has-aspect-ratio\"><div class=\"wp-block-embed__wrapper\">\n<iframe loading=\"lazy\" title=\"ASSISTANTE EN RESSOURCES HUMAINES, D\u00c9COUVRE UN M\u00c9TIER\" width=\"1290\" height=\"726\" src=\"https:\/\/www.youtube.com\/embed\/AWYfzZwFRWw?feature=oembed\" frameborder=\"0\" allow=\"accelerometer; autoplay; clipboard-write; encrypted-media; gyroscope; picture-in-picture; web-share\" referrerpolicy=\"strict-origin-when-cross-origin\" allowfullscreen><\/iframe>\n<\/div><\/figure>\n\n<h2 class=\"wp-block-heading\">Les objectifs strat\u00e9giques d&rsquo;Astrid Panosyan-Bouvet<\/h2>\n\n<p class=\"wp-block-paragraph\">Dans le cadre de sa nouvelle mission, plusieurs objectifs cl\u00e9s \u00e9mergent pour la direction des ressources humaines :<\/p>\n\n<ul class=\"wp-block-list\"><li><strong>Renforcer la culture d&rsquo;entreprise<\/strong> en mettant en avant des valeurs d&rsquo;inclusion et de diversit\u00e9.<\/li><li><strong>D\u00e9velopper des programmes de formation<\/strong> pour accompagner les employ\u00e9s dans leur \u00e9volution professionnelle.<\/li><li><strong>Optimiser le bien-\u00eatre au travail<\/strong> tout en augmentant la productivit\u00e9 individuelle et collective.<\/li><li><strong>Accro\u00eetre l&rsquo;engagement des salari\u00e9s<\/strong> en instaurant des canaux de communication efficaces.<\/li><\/ul>\n\n<h3 class=\"wp-block-heading\">Les d\u00e9fis \u00e0 relever<\/h3>\n\n<p class=\"wp-block-paragraph\">La gestion du changement constitue un d\u00e9fi majeur pour toute entreprise, surtout dans le secteur dynamique de l&rsquo;assurance. Astrid Panosyan-Bouvet devra naviguer dans un paysage complexe, o\u00f9 la r\u00e9sistance au changement et les attentes des employ\u00e9s sont souvent en contradiction. Sa capacit\u00e9 \u00e0 communiquer une vision claire et inspirante sera cruciale pour le succ\u00e8s de cette transition.<\/p>\n\n<h2 class=\"wp-block-heading\">Perspectives d\u2019avenir<\/h2>\n\n<p class=\"wp-block-paragraph\">Avec l&rsquo;arriv\u00e9e d&rsquo;Astrid Panosyan-Bouvet, AXA s&rsquo;arme pour une <strong>transformation<\/strong> significative de ses pratiques de gestion des talents. La synergie entre son exp\u00e9rience politique et les r\u00e9alit\u00e9s du monde des affaires ouvre la voie \u00e0 une strat\u00e9gie innovante qui pourrait red\u00e9finir les standards de l&rsquo;industrie. Il sera int\u00e9ressant de suivre de pr\u00e8s l&rsquo;\u00e9volution des initiatives mises en place sous sa direction.<\/p>\n\n<figure class=\"wp-block-table\"><table>\n<thead>\n<tr>\n<th>Initiatives strat\u00e9giques<\/th>\n<th>Objectifs vis\u00e9s<\/th>\n<\/tr>\n<\/thead>\n<tbody>\n<tr>\n<td>Formation continue des employ\u00e9s<\/td>\n<td>Augmenter les comp\u00e9tences et l&#8217;employabilit\u00e9<\/td>\n<\/tr>\n<tr>\n<td>Programmes de bien-\u00eatre<\/td>\n<td>Am\u00e9liorer la satisfaction et la r\u00e9tention des talents<\/td>\n<\/tr>\n<tr>\n<td>Culture d\u2019entreprise inclusive<\/td>\n<td>Foster a sense of belonging and diversity<\/td>\n<\/tr>\n<\/tbody>\n<\/table><\/figure>\n\n<figure class=\"is-provider-youtube is-type-video wp-block-embed wp-block-embed-youtube wp-embed-aspect-16-9 wp-has-aspect-ratio\"><div class=\"wp-block-embed__wrapper\">\n<iframe loading=\"lazy\" title=\"&quot;On ne peut plus pr\u00e9voir le monde&quot; | 20 minutes avec le PDG d\u2019AXA\" width=\"1290\" height=\"726\" src=\"https:\/\/www.youtube.com\/embed\/J0MwHFZaiSU?feature=oembed\" frameborder=\"0\" allow=\"accelerometer; autoplay; clipboard-write; encrypted-media; gyroscope; picture-in-picture; web-share\" referrerpolicy=\"strict-origin-when-cross-origin\" allowfullscreen><\/iframe>\n<\/div><\/figure>\n\n","protected":false},"excerpt":{"rendered":"<p>La nomination r\u00e9cente d&rsquo;une ex-ministre \u00e0 la t\u00eate des ressources humaines d&rsquo;AXA marque un tournant significatif dans la gestion du personnel et la strat\u00e9gie RH de l&rsquo;entreprise. Astrid Panosyan-Bouvet, ancienne ministre du Travail, vient insuffler un nouveau dynamisme au sein du groupe, avec des projets d&rsquo;innovation RH et des transformations ambitieuses. Le parcours d&rsquo;Astrid Panosyan-Bouvet [&hellip;]<\/p>\n","protected":false},"author":2,"featured_media":0,"comment_status":"open","ping_status":"open","sticky":false,"template":"","format":"standard","meta":{"_seopress_robots_primary_cat":"","_seopress_titles_title":"Une ex-ministre red\u00e9finit les RH chez AXA","_seopress_titles_desc":"Une ex-ministre prend la t\u00eate des RH chez AXA, initiant une nouvelle \u00e8re strat\u00e9gique pour une gestion des talents innovante et performante.","_seopress_robots_index":"","footnotes":""},"categories":[1],"tags":[1238,1616,1617,1618,1619],"class_list":["post-2833","post","type-post","status-publish","format-standard","hentry","category-blog","tag-axa","tag-ex-ministre","tag-nominations","tag-ressources-humaines","tag-strategie-rh"],"blocksy_meta":[],"_links":{"self":[{"href":"https:\/\/cc-ba.com\/index.php\/wp-json\/wp\/v2\/posts\/2833","targetHints":{"allow":["GET"]}}],"collection":[{"href":"https:\/\/cc-ba.com\/index.php\/wp-json\/wp\/v2\/posts"}],"about":[{"href":"https:\/\/cc-ba.com\/index.php\/wp-json\/wp\/v2\/types\/post"}],"author":[{"embeddable":true,"href":"https:\/\/cc-ba.com\/index.php\/wp-json\/wp\/v2\/users\/2"}],"replies":[{"embeddable":true,"href":"https:\/\/cc-ba.com\/index.php\/wp-json\/wp\/v2\/comments?post=2833"}],"version-history":[{"count":0,"href":"https:\/\/cc-ba.com\/index.php\/wp-json\/wp\/v2\/posts\/2833\/revisions"}],"wp:attachment":[{"href":"https:\/\/cc-ba.com\/index.php\/wp-json\/wp\/v2\/media?parent=2833"}],"wp:term":[{"taxonomy":"category","embeddable":true,"href":"https:\/\/cc-ba.com\/index.php\/wp-json\/wp\/v2\/categories?post=2833"},{"taxonomy":"post_tag","embeddable":true,"href":"https:\/\/cc-ba.com\/index.php\/wp-json\/wp\/v2\/tags?post=2833"}],"curies":[{"name":"wp","href":"https:\/\/api.w.org\/{rel}","templated":true}]}}